{"id":37598,"date":"2025-01-25T12:00:00","date_gmt":"2025-01-25T15:00:00","guid":{"rendered":"https:\/\/mestredasreceitas.com\/ptbr\/?p=37598"},"modified":"2026-01-30T21:10:35","modified_gmt":"2026-01-31T00:10:35","slug":"feijao-de-corda-com-farinha-dagua","status":"publish","type":"post","link":"https:\/\/mestredasreceitas.com\/ptbr\/feijao-de-corda-com-farinha-dagua\/","title":{"rendered":"Feij\u00e3o-de-Corda com Farinha D\u2019\u00c1gua: Um Sabor Aut\u00eantico e Irresist\u00edvel"},"content":{"rendered":"<p class=\"summarization\"><strong>O Feij\u00e3o-de-Corda com Farinha D\u2019\u00c1gua \u00e9 uma deliciosa iguaria da culin\u00e1ria nordestina, rica em sabor e nutrientes. Este prato \u00e9 preparado com feij\u00e3o-de-corda cozido, refogado com temperos e combinado com farinha d\u2019\u00e1gua, proporcionando uma textura cremosa e irresist\u00edvel.<\/strong><\/p>\n<p>O <strong>Feij\u00e3o-de-Corda com Farinha D\u2019\u00c1gua<\/strong> \u00e9 um prato tradicional que traz o sabor e a riqueza da culin\u00e1ria nordestina. Neste artigo, vamos explorar os ingredientes essenciais, o m\u00e9todo de preparo detalhado e algumas curiosidades que tornam essa receita ainda mais especial. Prepare-se para se deliciar com essa combina\u00e7\u00e3o incr\u00edvel!<\/p>\n<h2>Ingredientes do Feij\u00e3o-de-Corda com Farinha D\u2019\u00c1gua<\/h2>\n<p><img decoding=\"async\" title=\"Ingredientes do Feij\u00e3o-de-Corda com Farinha D\u2019\u00c1gua\" src=\"https:\/\/mestredasreceitas.com\/ptbr\/wp-content\/uploads\/2025\/01\/ingredientes-do-feijao-de-corda-com-farinha-dagua.jpg\" alt=\"Ingredientes do Feij\u00e3o-de-Corda com Farinha D\u2019\u00c1gua\" \/><\/p>\n<p>Para preparar o <strong>Feij\u00e3o-de-Corda com Farinha D\u2019\u00c1gua<\/strong> de maneira deliciosa, voc\u00ea vai precisar dos seguintes ingredientes:<\/p>\n<ul>\n<li><strong>1 x\u00edcara de feij\u00e3o-de-corda<\/strong> &#8211; escolha gr\u00e3os frescos, pois isso influencia no sabor e na textura do prato.<\/li>\n<li><strong>3 x\u00edcaras de \u00e1gua<\/strong> &#8211; para cozinhar o feij\u00e3o at\u00e9 ficar macio.<\/li>\n<li><strong>1 cebola m\u00e9dia picada<\/strong> &#8211; traz um aroma especial e sabor ao refogado.<\/li>\n<li><strong>2 dentes de alho picados<\/strong> &#8211; indispens\u00e1veis para temperar e enriquecer o prato.<\/li>\n<li><strong>1\/2 x\u00edcara de tomate picado<\/strong> &#8211; para um toque de acidez e frescor.<\/li>\n<li><strong>2 colheres de sopa de azeite<\/strong> &#8211; usado para refogar os temperos e dar brilho ao prato.<\/li>\n<li><strong>Sal a gosto<\/strong> &#8211; para real\u00e7ar o sabor dos ingredientes.<\/li>\n<li><strong>Pimenta-do-reino a gosto<\/strong> &#8211; se voc\u00ea gosta de um toque picante.<\/li>\n<li><strong>1 x\u00edcara de farinha d&#8217;\u00e1gua<\/strong> &#8211; a protagonista que vai dar a cremosidade e a textura especial ao feij\u00e3o.<\/li>\n<\/ul>\n<p>Esses ingredientes s\u00e3o simples, mas juntos eles criam uma combina\u00e7\u00e3o \u00fanica que destaca o <strong>Feij\u00e3o-de-Corda<\/strong> na culin\u00e1ria brasileira!<\/p>\n<h2>M\u00e9todo de Preparo: Refogando o Feij\u00e3o<\/h2>\n<p><img decoding=\"async\" title=\"M\u00e9todo de Preparo: Refogando o Feij\u00e3o\" src=\"https:\/\/mestredasreceitas.com\/ptbr\/wp-content\/uploads\/2025\/01\/metodo-de-preparo-refogando-o-feijao.jpg\" alt=\"M\u00e9todo de Preparo: Refogando o Feij\u00e3o\" \/><\/p>\n<p>Para refogar o feij\u00e3o-de-corda e real\u00e7ar seu sabor, siga os passos abaixo:<\/p>\n<ol>\n<li><strong>Preparar os ingredientes:<\/strong> Comece picando a cebola e o alho finamente. Reserve.<\/li>\n<li><strong>Aquecer o azeite:<\/strong> Em uma panela, adicione as 2 colheres de sopa de azeite e leve ao fogo m\u00e9dio. Deixe o azeite esquentar, mas n\u00e3o at\u00e9 fumar.<\/li>\n<li><strong>Adicionar a cebola:<\/strong> Coloque a cebola picada na panela e refogue at\u00e9 que ela fique transparente, o que leva cerca de 3 a 4 minutos.<\/li>\n<li><strong>Incluir o alho:<\/strong> Acrescente o alho picado e refogue por mais 1 a 2 minutos. Cuidado para n\u00e3o queimar o alho, pois isso pode amargar o prato.<\/li>\n<li><strong>Adicionar o feij\u00e3o:<\/strong> Junte 1 x\u00edcara de feij\u00e3o-de-corda cozido \u00e0 panela e mexa bem. Deixe refogar por mais 5 minutos, permitindo que os sabores se misturem.<\/li>\n<li><strong>Temperar:<\/strong> Tempere com sal e pimenta-do-reino a gosto. Misture novamente para que o tempero se espalhe uniformemente.<\/li>\n<\/ol>\n<p>Ap\u00f3s esse processo, o feij\u00e3o estar\u00e1 bem refogado e pronto para ser combinado com a farinha d&#8217;\u00e1gua!<\/p>\n<h2>Preparando a Farinha D\u2019\u00c1gua: Dicas e Truques<\/h2>\n<p><img decoding=\"async\" title=\"Preparando a Farinha D\u2019\u00c1gua: Dicas e Truques\" src=\"https:\/\/mestredasreceitas.com\/ptbr\/wp-content\/uploads\/2025\/01\/preparando-a-farinha-dagua-dicas-e-truques.jpg\" alt=\"Preparando a Farinha D\u2019\u00c1gua: Dicas e Truques\" \/><\/p>\n<p>Preparar a <strong>farinha d\u2019\u00e1gua<\/strong> corretamente \u00e9 fundamental para garantir que o prato tenha a textura e o sabor ideais. Aqui est\u00e3o algumas dicas e truques:<\/p>\n<ol>\n<li><strong>Escolha da farinha:<\/strong> Utilize uma farinha d\u2019\u00e1gua de boa qualidade, preferencialmente fresca. Isso far\u00e1 uma grande diferen\u00e7a na textura do prato.<\/li>\n<li><strong>Hidrata\u00e7\u00e3o adequada:<\/strong> Misture a farinha d\u2019\u00e1gua com \u00e1gua a temperatura ambiente em um recipiente. A propor\u00e7\u00e3o ideal \u00e9 de 1 parte de farinha para 1 parte de \u00e1gua, criando uma pasta homog\u00eanea.<\/li>\n<li><strong>Deixe descansar:<\/strong> Ap\u00f3s misturar, deixe a farinha descansar por cerca de 10 a 15 minutos. Isso ajuda na hidrata\u00e7\u00e3o completa e melhora a consist\u00eancia.<\/li>\n<li><strong>Mexa bem:<\/strong> Antes de usar, mexa a mistura novamente. Isso garante que n\u00e3o haja grumos e que a farinha d\u2019\u00e1gua esteja bem incorporada.<\/li>\n<li><strong>Adi\u00e7\u00e3o gradual:<\/strong> Quando for adicionar a farinha d\u2019\u00e1gua ao feij\u00e3o, fa\u00e7a isso de forma gradual, mexendo sempre. Isso evita que se formem pelotas e ajuda na absor\u00e7\u00e3o do l\u00edquido, resultando em uma base cremosa e saborosa.<\/li>\n<li><strong>Ajuste a consist\u00eancia:<\/strong> Se a mistura ficar muito grossa, adicione um pouco mais de \u00e1gua at\u00e9 atingir a textura desejada. Lembre-se de que a farinha d\u2019\u00e1gua ir\u00e1 engrossar mais \u00e0 medida que cozinhar.<\/li>\n<\/ol>\n<p>Seguindo essas dicas, sua farinha d\u2019\u00e1gua ficar\u00e1 perfeita e ir\u00e1 complementar o sabor do <strong>Feij\u00e3o-de-Corda<\/strong> de maneira irresist\u00edvel!<\/p>\n<h2>Curiosidades sobre o Feij\u00e3o-de-Corda<\/h2>\n<p><img decoding=\"async\" title=\"Curiosidades sobre o Feij\u00e3o-de-Corda\" src=\"https:\/\/mestredasreceitas.com\/ptbr\/wp-content\/uploads\/2025\/01\/curiosidades-sobre-o-feijao-de-corda.jpg\" alt=\"Curiosidades sobre o Feij\u00e3o-de-Corda\" \/><\/p>\n<p>O <strong>feij\u00e3o-de-corda<\/strong> \u00e9 uma leguminosa muito apreciada na culin\u00e1ria nordestina e possui v\u00e1rias curiosidades. Aqui est\u00e3o algumas:<\/p>\n<ul>\n<li><strong>Variedade:<\/strong> O feij\u00e3o-de-corda \u00e9 tamb\u00e9m conhecido como feij\u00e3o macassa ou feij\u00e3o verde. Sua cor pode variar de verde, amarelo a marrom, dependendo da matura\u00e7\u00e3o e da variedade.<\/li>\n<li><strong>Alimento nutritivo:<\/strong> \u00c9 uma excelente fonte de prote\u00ednas, vitaminas e minerais, sendo ideal em dietas vegetarianas. Seu alto teor de fibras contribui para a sa\u00fade digestiva.<\/li>\n<li><strong>Tempero cultural:<\/strong> Durante a festa junina, o feij\u00e3o-de-corda \u00e9 um dos pratos tradicionais que n\u00e3o podem faltar nas mesas, simbolizando a gastronomia t\u00edpica do Nordeste do Brasil.<\/li>\n<li><strong>Versatilidade:<\/strong> Pode ser utilizado em diversas receitas, como saladas, cozidos e, claro, o famoso <strong>Feij\u00e3o-de-Corda com Farinha D\u2019\u00c1gua<\/strong>. Essa versatilidade o torna um ingrediente essencial na culin\u00e1ria brasileira.<\/li>\n<li><strong>Clima ideal:<\/strong> O feij\u00e3o-de-corda \u00e9 mais cultivado em regi\u00f5es de clima seco, uma vez que sua cultivar \u00e9 adaptada a condi\u00e7\u00f5es mais \u00e1ridas, sendo uma cultura resistente e de f\u00e1cil manejo.<\/li>\n<\/ul>\n<p>Essas curiosidades ajudam a entender a import\u00e2ncia e a riqueza do feij\u00e3o-de-corda, n\u00e3o apenas na mesa, mas tamb\u00e9m na cultura brasileira.<\/p>\n<h2>Sugest\u00f5es de Acompanhamentos para Feij\u00e3o-de-Corda<\/h2>\n<p><img decoding=\"async\" title=\"Sugest\u00f5es de Acompanhamentos para Feij\u00e3o-de-Corda\" src=\"https:\/\/mestredasreceitas.com\/ptbr\/wp-content\/uploads\/2025\/01\/sugestoes-de-acompanhamentos-para-feijao-de-corda.jpg\" alt=\"Sugest\u00f5es de Acompanhamentos para Feij\u00e3o-de-Corda\" \/><\/p>\n<p>O <strong>Feij\u00e3o-de-Corda<\/strong> com Farinha D\u2019\u00c1gua \u00e9 um prato saboroso que combina bem com diversos acompanhamentos. Aqui est\u00e3o algumas sugest\u00f5es:<\/p>\n<ul>\n<li><strong>Arroz Branco:<\/strong> Um cl\u00e1ssico que combina perfeitamente, trazendo leveza ao prato e equilibrando os sabores.<\/li>\n<li><strong>Carne de Sol:<\/strong> A carne de sol, com seu sabor salgado e defumado, \u00e9 uma excelente escolha para complementar o feij\u00e3o.<\/li>\n<li><strong>Farofa:<\/strong> Uma farofa crocante feita com manteiga, cebola e cenoura traz textura e sabor ao mesmo tempo.<\/li>\n<li><strong>Salada Verde:<\/strong> Uma salada simples com folhas frescas, tomates e cebola roxa ajuda a balancear os sabores do prato principal.<\/li>\n<li><strong>Vinagrete:<\/strong> Um vinagrete bem temperado d\u00e1 um toque \u00e1cido que contrasta maravilhosamente com a cremosidade do feij\u00e3o-de-corda.<\/li>\n<li><strong>Queijo Coalho:<\/strong> O queijo coalho grelhado \u00e9 uma op\u00e7\u00e3o saborosa e que combina muito bem com o feij\u00e3o, acrescentando um toque especial.<\/li>\n<\/ul>\n<p>Esses acompanhamentos real\u00e7am a experi\u00eancia de saborear o <strong>Feij\u00e3o-de-Corda com Farinha D\u2019\u00c1gua<\/strong> e trazem sabores diversificados para a refei\u00e7\u00e3o.<\/p>\n<h2>Obrigado por nos acompanhar!<\/h2>\n<p>Esperamos que voc\u00ea tenha gostado de aprender sobre o <strong>Feij\u00e3o-de-Corda com Farinha D\u2019\u00c1gua<\/strong> e suas del\u00edcias. Agora \u00e9 a hora de colocar tudo em pr\u00e1tica e saborear essa iguaria da culin\u00e1ria brasileira!<\/p>\n<p>Para mais receitas incr\u00edveis, dicas e curiosidades, siga-nos nas redes sociais e n\u00e3o deixe de acompanhar o nosso <a href=\"https:\/\/mestredasreceitas.com\/ptbr\/\" target=\"_blank\" rel=\"noopener\">Blog de Culin\u00e1ria Mestre das Receitas<\/a>. Fique por dentro de todas as novidades e compartilhe suas experi\u00eancias conosco!<\/p>\n<p>Estamos ansiosos para ver voc\u00ea por l\u00e1 e desejamos muita inspira\u00e7\u00e3o na cozinha. At\u00e9 a pr\u00f3xima!<\/p>\n<h2>FAQ &#8211; Perguntas frequentes sobre Feij\u00e3o-de-Corda com Farinha D\u2019\u00c1gua<\/h2>\n<h3>O que \u00e9 Feij\u00e3o-de-Corda?<\/h3>\n<p>O Feij\u00e3o-de-Corda \u00e9 uma leguminosa tradicional do Nordeste do Brasil, rica em sabor e nutrientes, muito utilizada em v\u00e1rias receitas.<\/p>\n<h3>Como preparo o Feij\u00e3o-de-Corda?<\/h3>\n<p>Para preparar, comece com o cozimento do feij\u00e3o em \u00e1gua, depois refogue com cebola, alho e outros temperos a gosto.<\/p>\n<h3>Qual a diferen\u00e7a entre Feij\u00e3o-de-Corda e outros tipos de feij\u00e3o?<\/h3>\n<p>A principal diferen\u00e7a est\u00e1 na textura e no sabor, sendo o Feij\u00e3o-de-Corda mais adocicado e cremoso ao ser cozido.<\/p>\n<h3>Como posso adicionar mais sabor ao meu Feij\u00e3o-de-Corda?<\/h3>\n<p>Voc\u00ea pode adicionar temperos como cominho, coentro, ou at\u00e9 mesmo carne de sol para um sabor mais rico.<\/p>\n<h3>Quais s\u00e3o os melhores acompanhamentos para Feij\u00e3o-de-Corda?<\/h3>\n<p>Os melhores acompanhamentos incluem arroz, carne de sol, farofa, salada verde e queijo coalho grelhado.<\/p>\n<h3>A Farinha D\u2019\u00c1gua \u00e9 f\u00e1cil de preparar?<\/h3>\n<p>Sim, a Farinha D\u2019\u00c1gua \u00e9 simples de preparar; basta mistur\u00e1-la com \u00e1gua e deix\u00e1-la hidratar antes de incorpor\u00e1-la ao feij\u00e3o.<\/p>\n","protected":false},"excerpt":{"rendered":"<p>Feij\u00e3o-de-Corda com Farinha D\u2019\u00c1gua \u00e9 uma receita deliciosa que vai conquistar seu paladar com sua autenticidade e sabor marcante.<\/p>\n","protected":false},"author":10,"featured_media":56666,"comment_status":"closed","ping_status":"closed","sticky":false,"template":"","format":"standard","meta":{"ocean_post_layout":"","ocean_both_sidebars_style":"","ocean_both_sidebars_content_width":0,"ocean_both_sidebars_sidebars_width":0,"ocean_sidebar":"0","ocean_second_sidebar":"0","ocean_disable_margins":"enable","ocean_add_body_class":"","ocean_shortcode_before_top_bar":"","ocean_shortcode_after_top_bar":"","ocean_shortcode_before_header":"","ocean_shortcode_after_header":"","ocean_has_shortcode":"","ocean_shortcode_after_title":"","ocean_shortcode_before_footer_widgets":"","ocean_shortcode_after_footer_widgets":"","ocean_shortcode_before_footer_bottom":"","ocean_shortcode_after_footer_bottom":"","ocean_display_top_bar":"default","ocean_display_header":"default","ocean_header_style":"","ocean_center_header_left_menu":"0","ocean_custom_header_template":"0","ocean_custom_logo":0,"ocean_custom_retina_logo":0,"ocean_custom_logo_max_width":0,"ocean_custom_logo_tablet_max_width":0,"ocean_custom_logo_mobile_max_width":0,"ocean_custom_logo_max_height":0,"ocean_custom_logo_tablet_max_height":0,"ocean_custom_logo_mobile_max_height":0,"ocean_header_custom_menu":"0","ocean_menu_typo_font_family":"0","ocean_menu_typo_font_subset":"","ocean_menu_typo_font_size":0,"ocean_menu_typo_font_size_tablet":0,"ocean_menu_typo_font_size_mobile":0,"ocean_menu_typo_font_size_unit":"px","ocean_menu_typo_font_weight":"","ocean_menu_typo_font_weight_tablet":"","ocean_menu_typo_font_weight_mobile":"","ocean_menu_typo_transform":"","ocean_menu_typo_transform_tablet":"","ocean_menu_typo_transform_mobile":"","ocean_menu_typo_line_height":0,"ocean_menu_typo_line_height_tablet":0,"ocean_menu_typo_line_height_mobile":0,"ocean_menu_typo_line_height_unit":"","ocean_menu_typo_spacing":0,"ocean_menu_typo_spacing_tablet":0,"ocean_menu_typo_spacing_mobile":0,"ocean_menu_typo_spacing_unit":"","ocean_menu_link_color":"","ocean_menu_link_color_hover":"","ocean_menu_link_color_active":"","ocean_menu_link_background":"","ocean_menu_link_hover_background":"","ocean_menu_link_active_background":"","ocean_menu_social_links_bg":"","ocean_menu_social_hover_links_bg":"","ocean_menu_social_links_color":"","ocean_menu_social_hover_links_color":"","ocean_disable_title":"default","ocean_disable_heading":"default","ocean_post_title":"","ocean_post_subheading":"","ocean_post_title_style":"","ocean_post_title_background_color":"","ocean_post_title_background":0,"ocean_post_title_bg_image_position":"","ocean_post_title_bg_image_attachment":"","ocean_post_title_bg_image_repeat":"","ocean_post_title_bg_image_size":"","ocean_post_title_height":0,"ocean_post_title_bg_overlay":0.5,"ocean_post_title_bg_overlay_color":"","ocean_disable_breadcrumbs":"default","ocean_breadcrumbs_color":"","ocean_breadcrumbs_separator_color":"","ocean_breadcrumbs_links_color":"","ocean_breadcrumbs_links_hover_color":"","ocean_display_footer_widgets":"default","ocean_display_footer_bottom":"default","ocean_custom_footer_template":"0","ocean_post_oembed":"","ocean_post_self_hosted_media":"","ocean_post_video_embed":"","ocean_link_format":"","ocean_link_format_target":"self","ocean_quote_format":"","ocean_quote_format_link":"post","ocean_gallery_link_images":"on","ocean_gallery_id":[],"footnotes":"","_links_to":"","_links_to_target":""},"categories":[957],"tags":[],"class_list":["post-37598","post","type-post","status-publish","format-standard","has-post-thumbnail","hentry","category-culinaria-maranhense","entry","has-media"],"_links":{"self":[{"href":"https:\/\/mestredasreceitas.com\/ptbr\/wp-json\/wp\/v2\/posts\/37598","targetHints":{"allow":["GET"]}}],"collection":[{"href":"https:\/\/mestredasreceitas.com\/ptbr\/wp-json\/wp\/v2\/posts"}],"about":[{"href":"https:\/\/mestredasreceitas.com\/ptbr\/wp-json\/wp\/v2\/types\/post"}],"author":[{"embeddable":true,"href":"https:\/\/mestredasreceitas.com\/ptbr\/wp-json\/wp\/v2\/users\/10"}],"replies":[{"embeddable":true,"href":"https:\/\/mestredasreceitas.com\/ptbr\/wp-json\/wp\/v2\/comments?post=37598"}],"version-history":[{"count":0,"href":"https:\/\/mestredasreceitas.com\/ptbr\/wp-json\/wp\/v2\/posts\/37598\/revisions"}],"wp:featuredmedia":[{"embeddable":true,"href":"https:\/\/mestredasreceitas.com\/ptbr\/wp-json\/wp\/v2\/media\/56666"}],"wp:attachment":[{"href":"https:\/\/mestredasreceitas.com\/ptbr\/wp-json\/wp\/v2\/media?parent=37598"}],"wp:term":[{"taxonomy":"category","embeddable":true,"href":"https:\/\/mestredasreceitas.com\/ptbr\/wp-json\/wp\/v2\/categories?post=37598"},{"taxonomy":"post_tag","embeddable":true,"href":"https:\/\/mestredasreceitas.com\/ptbr\/wp-json\/wp\/v2\/tags?post=37598"}],"curies":[{"name":"wp","href":"https:\/\/api.w.org\/{rel}","templated":true}]}}