{"id":43222,"date":"2025-06-11T18:00:00","date_gmt":"2025-06-11T21:00:00","guid":{"rendered":"https:\/\/mestredasreceitas.com\/ptbr\/acaraje\/"},"modified":"2026-01-26T06:59:34","modified_gmt":"2026-01-26T09:59:34","slug":"acaraje","status":"publish","type":"post","link":"https:\/\/mestredasreceitas.com\/ptbr\/acaraje\/","title":{"rendered":"Acaraj\u00e9: Descubra o Segredo dessa Deliciosa Receita Baiana"},"content":{"rendered":"<p class=\"summarization\"><strong>O Acaraj\u00e9 \u00e9 um prato tradicional baiano de origem africana, feito com feij\u00e3o-fradinho, frito em azeite de dend\u00ea e recheado com vatap\u00e1 e camar\u00f5es. \u00c9 um s\u00edmbolo cultural da Bahia, apreciado tanto em rituais religiosos quanto na culin\u00e1ria de rua.<\/strong><\/p>\n<p>O **Acaraj\u00e9** \u00e9 uma das mais emblem\u00e1ticas iguarias da culin\u00e1ria baiana, conhecido por seu sabor irresist\u00edvel e profunda liga\u00e7\u00e3o com a cultura afro-brasileira. Este bolinho frito de feij\u00e3o-fradinho, servido com diversas del\u00edcias, \u00e9 mais que um prato; \u00e9 uma experi\u00eancia cultural. Neste artigo, vamos mergulhar nos ingredientes e no modo de preparo do Acaraj\u00e9, al\u00e9m de explorar suas tradi\u00e7\u00f5es e curiosidades. Prepare-se para aprender a fazer essa maravilha da Gastronomia!<\/p>\n<p><\/p>\n<h2>Ingredientes do Acaraj\u00e9<\/h2>\n<p><img src='https:\/\/mestredasreceitas.com\/ptbr\/wp-content\/uploads\/2025\/06\/ingredientes-do-acaraje.jpg' alt='Ingredientes do Acaraj\u00e9' title='Ingredientes do Acaraj\u00e9' \/><\/p>\n<p>Os <strong>ingredientes do Acaraj\u00e9<\/strong> s\u00e3o essenciais para criar essa deliciosa iguaria baiana. Aqui est\u00e1 a lista completa que voc\u00ea vai precisar:<\/p>\n<ul>\n<li><strong>500g de feij\u00e3o-fradinho<\/strong> &#8211; A base da massa do Acaraj\u00e9.<\/li>\n<li><strong>1 cebola m\u00e9dia<\/strong> &#8211; Para dar sabor ao recheio.<\/li>\n<li><strong>1\/2 x\u00edcara de coentro picado<\/strong> &#8211; Para trazer frescor.<\/li>\n<li><strong>1\/2 x\u00edcara de cebolinha picada<\/strong> &#8211; Outro aromatizante importante.<\/li>\n<li><strong>Sal a gosto<\/strong> &#8211; Para temperar a massa.<\/li>\n<li><strong>Azeite de dend\u00ea<\/strong> &#8211; O \u00f3leo caracter\u00edstico que confere um sabor m\u00e1gico.<\/li>\n<li><strong>100g de camar\u00f5es secos<\/strong> &#8211; Cl\u00e1ssico no recheio, trazendo um gosto marcante.<\/li>\n<li><strong>500ml de \u00f3leo<\/strong> &#8211; Para fritar os bolinhos de Acaraj\u00e9.<\/li>\n<\/ul>\n<p>Com esses ingredientes, voc\u00ea estar\u00e1 pronto para come\u00e7ar a preparar o Acaraj\u00e9 de forma tradicional e deliciosa!<\/p>\n<h2>M\u00e9todo de Preparo do Acaraj\u00e9<\/h2>\n<p><img src='https:\/\/mestredasreceitas.com\/ptbr\/wp-content\/uploads\/2025\/06\/metodo-de-preparo-do-acaraje.jpg' alt='M\u00e9todo de Preparo do Acaraj\u00e9' title='M\u00e9todo de Preparo do Acaraj\u00e9' \/><\/p>\n<p>O <strong>m\u00e9todo de preparo do Acaraj\u00e9<\/strong> envolve v\u00e1rias etapas que garantem o sabor e a textura perfeitos. Siga atentamente as instru\u00e7\u00f5es:<\/p>\n<ol>\n<li><strong>Preparar o feij\u00e3o:<\/strong> Deixe o feij\u00e3o-fradinho de molho em \u00e1gua por cerca de 6 horas. Depois, escorra e retire a pele dos gr\u00e3os esfregando entre as m\u00e3os.<\/li>\n<li><strong>Fazer a massa:<\/strong> No liquidificador, coloque o feij\u00e3o-fradinho descascado, a cebola picada e uma pitada de sal. Bata at\u00e9 obter uma massa homog\u00eanea e consistente.<\/li>\n<li><strong>Adicionar ervas:<\/strong> Misture \u00e0 massa o coentro e a cebolinha picados, incorporando bem os ingredientes.<\/li>\n<li><strong>Aquecer o \u00f3leo:<\/strong> Em uma panela, coloque o \u00f3leo para aquecer em fogo m\u00e9dio. Certifique-se de que o \u00f3leo esteja bem quente, mas n\u00e3o fumegante.<\/li>\n<li><strong>Fritar os bolinhos:<\/strong> Com uma colher grande, coloque por\u00e7\u00f5es da massa no \u00f3leo quente, moldando os bolinhos. Frite at\u00e9 que fiquem dourados por todos os lados.<\/li>\n<li><strong>Escorrer:<\/strong> Retire os Acaraj\u00e9s fritos com uma escumadeira e coloque-os sobre papel toalha para absorver o excesso de \u00f3leo.<\/li>\n<li><strong>Servir:<\/strong> Ap\u00f3s fritar, o Acaraj\u00e9 pode ser servido com recheio a gosto, como o vatap\u00e1, camar\u00f5es e outros acompanhamentos, criando um prato irresist\u00edvel.<\/li>\n<\/ol>\n<p>Esse \u00e9 o segredo do Acaraj\u00e9 perfeito! Apenas siga todos os passos e voc\u00ea ter\u00e1 uma receita deliciosa para compartilhar.<\/p>\n<h2>Curiosidades sobre o Acaraj\u00e9<\/h2>\n<p><img src='https:\/\/mestredasreceitas.com\/ptbr\/wp-content\/uploads\/2025\/06\/curiosidades-sobre-o-acaraje.jpg' alt='Curiosidades sobre o Acaraj\u00e9' title='Curiosidades sobre o Acaraj\u00e9' \/><\/p>\n<p>O <strong>Acaraj\u00e9<\/strong> \u00e9 muito mais do que um simples lanche; \u00e9 um s\u00edmbolo da cultura baiana. Aqui est\u00e3o algumas curiosidades que tornam esse prato ainda mais especial:<\/p>\n<ul>\n<li><strong>Origem Africana:<\/strong> O Acaraj\u00e9 tem ra\u00edzes na culin\u00e1ria africana, trazido pelos escravizados que vieram para o Brasil. \u00c9 uma iguaria ancestral que reflete a rica heran\u00e7a cultural da Bahia.<\/li>\n<li><strong>O papel das baianas:<\/strong> As &#8220;baianas do Acaraj\u00e9&#8221; s\u00e3o figuras ic\u00f4nicas, reconhecidas por vender o prato nas ruas. Elas s\u00e3o as guardi\u00e3s da tradi\u00e7\u00e3o e da receita original.<\/li>\n<li><strong>Festivais:<\/strong> O Acaraj\u00e9 \u00e9 frequentemente servido em festas e comemora\u00e7\u00f5es, especialmente no candombl\u00e9. \u00c9 um alimento dedicado a orix\u00e1s e important\u00edssimo em rituais.<\/li>\n<li><strong>Variedade de recheios:<\/strong> Embora o Acaraj\u00e9 tradicional seja servido com vatap\u00e1 e camar\u00e3o, a criatividade \u00e9 bem-vinda. Cada regi\u00e3o pode ter seu pr\u00f3prio recheio, incluindo op\u00e7\u00f5es vegetarianas.<\/li>\n<li><strong>Nutrientes:<\/strong> Al\u00e9m de delicioso, o Acaraj\u00e9 \u00e9 rico em prote\u00edna e pode ser uma refei\u00e7\u00e3o completa quando servido com acompanhamentos.<\/li>\n<li><strong>Reconhecimento cultural:<\/strong> O Acaraj\u00e9 foi reconhecido como Patrim\u00f4nio Cultural Imaterial do Brasil, destacando sua import\u00e2ncia na identidade nacional.<\/li>\n<\/ul>\n<p>Essas curiosidades mostram como o Acaraj\u00e9 \u00e9 um prato repleto de hist\u00f3ria, significado e sabor!<\/p>\n<h2>Fritando as bolinhos de Acaraj\u00e9<\/h2>\n<p><img src='https:\/\/mestredasreceitas.com\/ptbr\/wp-content\/uploads\/2025\/06\/fritando-as-bolinhos-de-acaraje.jpg' alt='Fritando as bolinhos de Acaraj\u00e9' title='Fritando as bolinhos de Acaraj\u00e9' \/><\/p>\n<p>Fritar os bolinhos de <strong>Acaraj\u00e9<\/strong> \u00e9 uma etapa crucial para garantir que fiquem crocantes por fora e macios por dentro. Veja como fazer:<\/p>\n<ol>\n<li><strong>Aquecer o \u00f3leo:<\/strong> Em uma panela funda, coloque o \u00f3leo a aquecer em fogo m\u00e9dio-alto. O \u00f3leo deve estar bem quente, mas n\u00e3o fumegante. Para saber se est\u00e1 na temperatura ideal, voc\u00ea pode colocar um pequeno peda\u00e7o de massa; se come\u00e7ar a borbulhar, est\u00e1 pronto.<\/li>\n<li><strong>Moldar os bolinhos:<\/strong> Com as m\u00e3os, pegue uma por\u00e7\u00e3o da massa de Acaraj\u00e9 e molde-a em bolinhos ovalados ou redondos, com cerca de 5 a 7 cm de di\u00e2metro.<\/li>\n<li><strong>Fritar os bolinhos:<\/strong> Com cuidado, coloque os bolinhos no \u00f3leo quente, ao redor da panela, evitando colocar muitos de uma vez. Isso assegura que a temperatura do \u00f3leo n\u00e3o caia.<\/li>\n<li><strong>Virar os bolinhos:<\/strong> Deixe fritar por cerca de 4 a 5 minutos de um lado, at\u00e9 que fiquem dourados. Use uma escumadeira para vir\u00e1-los e fritar do outro lado at\u00e9 que tamb\u00e9m estejam dourados e crocantes.<\/li>\n<li><strong>Escorrer o excesso de \u00f3leo:<\/strong> Retire os bolinhos com uma escumadeira e coloque-os sobre papel toalha para absorver o excesso de \u00f3leo. Isso ajuda a deixar os Acaraj\u00e9s mais leves.<\/li>\n<li><strong>Dicas extras:<\/strong> Para um Acaraj\u00e9 ainda mais saboroso, mantenha o \u00f3leo a uma temperatura constante durante a fritura e n\u00e3o frite muitos bolinhos de uma vez.<\/li>\n<\/ol>\n<p>Seguindo esses passos, seus Acaraj\u00e9s ter\u00e3o a textura ideal, prontos para serem servidos com recheios deliciosos!<\/p>\n<h2>Preparando o recheio do Acaraj\u00e9<\/h2>\n<p><img src='https:\/\/mestredasreceitas.com\/ptbr\/wp-content\/uploads\/2025\/06\/preparando-o-recheio-do-acaraje.jpg' alt='Preparando o recheio do Acaraj\u00e9' title='Preparando o recheio do Acaraj\u00e9' \/><\/p>\n<p>Preparar o <strong>recheio do Acaraj\u00e9<\/strong> \u00e9 uma das etapas mais saborosas dessa receita. Abaixo, explicamos como fazer um recheio t\u00edpico de forma simples:<\/p>\n<ol>\n<li><strong>Ingredientes principais:<\/strong> Para o recheio do Acaraj\u00e9, voc\u00ea vai precisar de:\n<ul>\n<li>100g de camar\u00f5es secos ou frescos<\/li>\n<li>1 cebola pequena picada<\/li>\n<li>1 dente de alho picado<\/li>\n<li>1\/2 x\u00edcara de vatap\u00e1 (pode ser preparado \u00e0 parte)<\/li>\n<li>Sal e pimenta a gosto<\/li>\n<\/ul>\n<\/li>\n<li><strong>Preparando os camar\u00f5es:<\/strong> Se voc\u00ea estiver usando camar\u00f5es secos, comece hidratando-os em \u00e1gua por cerca de 30 minutos. Depois, escorra e reserve.<\/li>\n<li><strong>Refogar os ingredientes:<\/strong> Em uma panela, aque\u00e7a um fio de azeite de dend\u00ea e adicione a cebola picada e o alho. Refogue at\u00e9 que a cebola fique transparente.<\/li>\n<li><strong>Adicionar os camar\u00f5es:<\/strong> Junte os camar\u00f5es refogados e misture bem. Cozinhe por cerca de 5 minutos, mexendo ocasionalmente.<\/li>\n<li><strong>Incorporar o vatap\u00e1:<\/strong> Acrescente o vatap\u00e1 \u00e0 mistura de camar\u00f5es e deixe cozinhar por mais alguns minutos. Isso dar\u00e1 cremosidade ao recheio.<\/li>\n<li><strong>Ajustar temperos:<\/strong> Prove e ajuste o sal e a pimenta de acordo com sua prefer\u00eancia.<\/li>\n<li><strong>Recheio pronto:<\/strong> O recheio deve estar \u00famido e bem temperado, perfeito para ser colocado nos bolinhos de Acaraj\u00e9.<\/li>\n<\/ol>\n<p>Agora que voc\u00ea tem o recheio pronto, \u00e9 hora de mont\u00e1-lo no Acaraj\u00e9 frito!<\/p>\n<h2>Como fazer o vatap\u00e1 para acompanhar o Acaraj\u00e9<\/h2>\n<p><img src='https:\/\/mestredasreceitas.com\/ptbr\/wp-content\/uploads\/2025\/06\/como-fazer-o-vatapa-para-acompanhar-o-acaraje.jpg' alt='Como fazer o vatap\u00e1 para acompanhar o Acaraj\u00e9' title='Como fazer o vatap\u00e1 para acompanhar o Acaraj\u00e9' \/><\/p>\n<p>O <strong>vatap\u00e1<\/strong> \u00e9 um acompanhamento essencial para o Acaraj\u00e9, trazendo cremosidade e sabor ao prato. Veja como prepar\u00e1-lo:<\/p>\n<ol>\n<li><strong>Ingredientes:<\/strong> Para fazer um vatap\u00e1 saboroso, voc\u00ea vai precisar de:\n<ul>\n<li>200g de p\u00e3o franc\u00eas amanhecido<\/li>\n<li>200ml de leite de coco<\/li>\n<li>100g de camar\u00e3o seco<\/li>\n<li>1 cebola m\u00e9dia picada<\/li>\n<li>2 dentes de alho picados<\/li>\n<li>1\/2 x\u00edcara de azeite de dend\u00ea<\/li>\n<li>Pimenta a gosto<\/li>\n<li>Sal a gosto<\/li>\n<li>1\/2 x\u00edcara de coentro picado<\/li>\n<\/ul>\n<\/li>\n<li><strong>Preparar os camar\u00f5es:<\/strong> Comece hidratando os camar\u00f5es secos em \u00e1gua morna por cerca de 30 minutos. Em seguida, escorra e reserve.<\/li>\n<li><strong>Fazer a base:<\/strong> Em um liquidificador, coloque o p\u00e3o franc\u00eas, o leite de coco e uma pitada de sal. Bata at\u00e9 formar uma mistura homog\u00eanea.<\/li>\n<li><strong>Refogar os temperos:<\/strong> Em uma panela, aque\u00e7a o azeite de dend\u00ea. Adicione a cebola e o alho, refogando at\u00e9 que fiquem dourados.<\/li>\n<li><strong>Combinar os ingredientes:<\/strong> Junte os camar\u00f5es secos refogados \u00e0 panela. Depois, adicione a mistura de p\u00e3o e leite de coco. Misture bem e cozinhe em fogo baixo.<\/li>\n<li><strong>Finalizar o vatap\u00e1:<\/strong> Continue cozinhando, mexendo sempre, at\u00e9 que o vatap\u00e1 engrosse e fique cremoso. Adicione a pimenta e o coentro picado, ajustando o tempero conforme necess\u00e1rio.<\/li>\n<\/ol>\n<p>Ap\u00f3s esse processo, o vatap\u00e1 estar\u00e1 pronto para ser servido junto ao Acaraj\u00e9, enriquecendo ainda mais a sua refei\u00e7\u00e3o!<\/p>\n<h2>A Hist\u00f3ria do Acaraj\u00e9 e sua Tradi\u00e7\u00e3o<\/h2>\n<p><img src='https:\/\/mestredasreceitas.com\/ptbr\/wp-content\/uploads\/2025\/06\/a-historia-do-acaraje-e-sua-tradicao.jpg' alt='A Hist\u00f3ria do Acaraj\u00e9 e sua Tradi\u00e7\u00e3o' title='A Hist\u00f3ria do Acaraj\u00e9 e sua Tradi\u00e7\u00e3o' \/><\/p>\n<p>A <strong>hist\u00f3ria do Acaraj\u00e9<\/strong> \u00e9 rica e profundamente ligada \u00e0 cultura afro-brasileira. Essa iguaria \u00e9 um legado dos africanos que fueron trazidos como escravizados para o Brasil, especialmente para a Bahia, onde sua tradi\u00e7\u00e3o gastron\u00f4mica se enraizou.<\/p>\n<p>Originalmente, o Acaraj\u00e9 era preparado como uma oferenda ritual em cerim\u00f4nias afro-brasileiras, especialmente no candombl\u00e9. Nesses rituais, o Acaraj\u00e9 \u00e9 frequentemente dedicado a orix\u00e1s, como Ians\u00e3 e Ogum, e seu consumo vai al\u00e9m de uma simples refei\u00e7\u00e3o; \u00e9 uma forma de conex\u00e3o espiritual.<\/p>\n<p>Com o tempo, o Acaraj\u00e9 se popularizou nas ruas da Bahia, tornando-se uma comida de rua emblem\u00e1tica, vendida por mulheres chamadas &#8220;baianas do Acaraj\u00e9&#8221;. Elas se tornaram figuras ic\u00f4nicas, reconhecidas por seu traje tradicional e pelo jeito aut\u00eantico de preparar o prato.<\/p>\n<p><strong>Elementos culturais<\/strong> como o azeite de dend\u00ea e os temperos caracter\u00edsticos, como o alho e o coentro, s\u00e3o fundamentais para a receita original. O Acaraj\u00e9 n\u00e3o \u00e9 apenas um alimento; ele representa resist\u00eancia cultural e preserva\u00e7\u00e3o da identidade afro-brasileira.<\/p>\n<p>Hoje, o Acaraj\u00e9 continua a ser um s\u00edmbolo de uni\u00e3o e identidade em festas, celebra\u00e7\u00f5es e at\u00e9 mesmo em reuni\u00f5es familiares. Sua presen\u00e7a nas festividades reflete a rica heran\u00e7a cultural da Bahia, atraindo n\u00e3o apenas locais, mas tamb\u00e9m turistas ao redor do mundo.<\/p>\n<h2>Obrigado por nos acompanhar!<\/h2>\n<p>Esperamos que voc\u00ea tenha gostado de aprender sobre o <strong>Acaraj\u00e9<\/strong> e sua rica tradi\u00e7\u00e3o. Agora \u00e9 sua vez de colocar a m\u00e3o na massa e preparar essa del\u00edcia baiana!<\/p>\n<p>Se voc\u00ea deseja explorar mais receitas incr\u00edveis e dicas de culin\u00e1ria, n\u00e3o esque\u00e7a de seguir o <a href=\"https:\/\/mestredasreceitas.com\/ptbr\/\">Protal de Culin\u00e1ria Mestre das Receitas<\/a> em nossas redes sociais! Fique por dentro de tudo que temos a oferecer e venha fazer parte da nossa comunidade apaixonada por culin\u00e1ria.<\/p>\n<p>Junte-se a n\u00f3s no <a href=\"https:\/\/mestredasreceitas.com\/ptbr\/\">Blog Mestre das Receitas<\/a> e descubra um mundo de sabores e tradi\u00e7\u00f5es que v\u00e3o transformar sua cozinha. Estamos ansiosos para compartilhar novas receitas e momentos deliciosos com voc\u00ea!<\/p>\n<h2>FAQ &#8211; Perguntas frequentes sobre Acaraj\u00e9<\/h2>\n<h3>Qual \u00e9 a origem do Acaraj\u00e9?<\/h3>\n<p>O Acaraj\u00e9 tem origem africana, trazido pelos escravizados que chegaram ao Brasil, especialmente para a Bahia, onde se tornou um s\u00edmbolo cultural.<\/p>\n<h3>Quais s\u00e3o os principais ingredientes do Acaraj\u00e9?<\/h3>\n<p>Os principais ingredientes do Acaraj\u00e9 incluem feij\u00e3o-fradinho, cebola, azeite de dend\u00ea, camar\u00f5es e temperos como alho e coentro.<\/p>\n<h3>Como se faz o recheio do Acaraj\u00e9?<\/h3>\n<p>O recheio do Acaraj\u00e9 geralmente \u00e9 feito com camar\u00f5es, cebola, alho e vatap\u00e1, que \u00e9 uma mistura cremosa e saborosa.<\/p>\n<h3>Por que o Acaraj\u00e9 \u00e9 servido com vatap\u00e1?<\/h3>\n<p>O vatap\u00e1 \u00e9 um acompanhamento tradicional que complementa o sabor do Acaraj\u00e9, trazendo uma textura cremosa e um gosto \u00fanico.<\/p>\n<h3>O que as baianas do Acaraj\u00e9 representam?<\/h3>\n<p>As baianas do Acaraj\u00e9 s\u00e3o as vendedoras tradicionais que preservam a receita original e a cultura, tornando-se \u00edcones da culin\u00e1ria baiana.<\/p>\n<h3>Qual a import\u00e2ncia do Acaraj\u00e9 na cultura baiana?<\/h3>\n<p>O Acaraj\u00e9 \u00e9 um s\u00edmbolo da identidade cultural baiana, ligado \u00e0 religi\u00e3o e \u00e0s tradi\u00e7\u00f5es afro-brasileiras, e \u00e9 frequentemente consumido em festas e rituais.<\/p>\n","protected":false},"excerpt":{"rendered":"<p>Acaraj\u00e9 \u00e9 uma iguaria da Bahia que encanta com seu sabor \u00fanico e tradi\u00e7\u00e3o. Aprenda tudo sobre essa receita maravilhosa!<\/p>\n","protected":false},"author":10,"featured_media":54638,"comment_status":"closed","ping_status":"closed","sticky":false,"template":"","format":"standard","meta":{"ocean_post_layout":"","ocean_both_sidebars_style":"","ocean_both_sidebars_content_width":0,"ocean_both_sidebars_sidebars_width":0,"ocean_sidebar":"","ocean_second_sidebar":"","ocean_disable_margins":"enable","ocean_add_body_class":"","ocean_shortcode_before_top_bar":"","ocean_shortcode_after_top_bar":"","ocean_shortcode_before_header":"","ocean_shortcode_after_header":"","ocean_has_shortcode":"","ocean_shortcode_after_title":"","ocean_shortcode_before_footer_widgets":"","ocean_shortcode_after_footer_widgets":"","ocean_shortcode_before_footer_bottom":"","ocean_shortcode_after_footer_bottom":"","ocean_display_top_bar":"default","ocean_display_header":"default","ocean_header_style":"","ocean_center_header_left_menu":"","ocean_custom_header_template":"","ocean_custom_logo":0,"ocean_custom_retina_logo":0,"ocean_custom_logo_max_width":0,"ocean_custom_logo_tablet_max_width":0,"ocean_custom_logo_mobile_max_width":0,"ocean_custom_logo_max_height":0,"ocean_custom_logo_tablet_max_height":0,"ocean_custom_logo_mobile_max_height":0,"ocean_header_custom_menu":"","ocean_menu_typo_font_family":"","ocean_menu_typo_font_subset":"","ocean_menu_typo_font_size":0,"ocean_menu_typo_font_size_tablet":0,"ocean_menu_typo_font_size_mobile":0,"ocean_menu_typo_font_size_unit":"px","ocean_menu_typo_font_weight":"","ocean_menu_typo_font_weight_tablet":"","ocean_menu_typo_font_weight_mobile":"","ocean_menu_typo_transform":"","ocean_menu_typo_transform_tablet":"","ocean_menu_typo_transform_mobile":"","ocean_menu_typo_line_height":0,"ocean_menu_typo_line_height_tablet":0,"ocean_menu_typo_line_height_mobile":0,"ocean_menu_typo_line_height_unit":"","ocean_menu_typo_spacing":0,"ocean_menu_typo_spacing_tablet":0,"ocean_menu_typo_spacing_mobile":0,"ocean_menu_typo_spacing_unit":"","ocean_menu_link_color":"","ocean_menu_link_color_hover":"","ocean_menu_link_color_active":"","ocean_menu_link_background":"","ocean_menu_link_hover_background":"","ocean_menu_link_active_background":"","ocean_menu_social_links_bg":"","ocean_menu_social_hover_links_bg":"","ocean_menu_social_links_color":"","ocean_menu_social_hover_links_color":"","ocean_disable_title":"default","ocean_disable_heading":"default","ocean_post_title":"","ocean_post_subheading":"","ocean_post_title_style":"","ocean_post_title_background_color":"","ocean_post_title_background":0,"ocean_post_title_bg_image_position":"","ocean_post_title_bg_image_attachment":"","ocean_post_title_bg_image_repeat":"","ocean_post_title_bg_image_size":"","ocean_post_title_height":0,"ocean_post_title_bg_overlay":0.5,"ocean_post_title_bg_overlay_color":"","ocean_disable_breadcrumbs":"default","ocean_breadcrumbs_color":"","ocean_breadcrumbs_separator_color":"","ocean_breadcrumbs_links_color":"","ocean_breadcrumbs_links_hover_color":"","ocean_display_footer_widgets":"default","ocean_display_footer_bottom":"default","ocean_custom_footer_template":"","ocean_post_oembed":"","ocean_post_self_hosted_media":"","ocean_post_video_embed":"","ocean_link_format":"","ocean_link_format_target":"self","ocean_quote_format":"","ocean_quote_format_link":"post","ocean_gallery_link_images":"on","ocean_gallery_id":[],"footnotes":"","_links_to":"","_links_to_target":""},"categories":[947],"tags":[],"class_list":["post-43222","post","type-post","status-publish","format-standard","has-post-thumbnail","hentry","category-culinaria-baiana","entry","has-media"],"_links":{"self":[{"href":"https:\/\/mestredasreceitas.com\/ptbr\/wp-json\/wp\/v2\/posts\/43222","targetHints":{"allow":["GET"]}}],"collection":[{"href":"https:\/\/mestredasreceitas.com\/ptbr\/wp-json\/wp\/v2\/posts"}],"about":[{"href":"https:\/\/mestredasreceitas.com\/ptbr\/wp-json\/wp\/v2\/types\/post"}],"author":[{"embeddable":true,"href":"https:\/\/mestredasreceitas.com\/ptbr\/wp-json\/wp\/v2\/users\/10"}],"replies":[{"embeddable":true,"href":"https:\/\/mestredasreceitas.com\/ptbr\/wp-json\/wp\/v2\/comments?post=43222"}],"version-history":[{"count":0,"href":"https:\/\/mestredasreceitas.com\/ptbr\/wp-json\/wp\/v2\/posts\/43222\/revisions"}],"wp:featuredmedia":[{"embeddable":true,"href":"https:\/\/mestredasreceitas.com\/ptbr\/wp-json\/wp\/v2\/media\/54638"}],"wp:attachment":[{"href":"https:\/\/mestredasreceitas.com\/ptbr\/wp-json\/wp\/v2\/media?parent=43222"}],"wp:term":[{"taxonomy":"category","embeddable":true,"href":"https:\/\/mestredasreceitas.com\/ptbr\/wp-json\/wp\/v2\/categories?post=43222"},{"taxonomy":"post_tag","embeddable":true,"href":"https:\/\/mestredasreceitas.com\/ptbr\/wp-json\/wp\/v2\/tags?post=43222"}],"curies":[{"name":"wp","href":"https:\/\/api.w.org\/{rel}","templated":true}]}}