{"id":43970,"date":"2025-07-14T10:00:00","date_gmt":"2025-07-14T13:00:00","guid":{"rendered":"https:\/\/mestredasreceitas.com\/ptbr\/?p=43970"},"modified":"2026-01-31T19:01:03","modified_gmt":"2026-01-31T22:01:03","slug":"feijao-preto-com-costelinha","status":"publish","type":"post","link":"https:\/\/mestredasreceitas.com\/ptbr\/feijao-preto-com-costelinha\/","title":{"rendered":"Feij\u00e3o Preto com Costelinha: Receita Tradicional e Suculenta para sua Fam\u00edlia"},"content":{"rendered":"<p class=\"summarization\"><strong>O Feij\u00e3o Preto com Costelinha \u00e9 um prato tradicional brasileiro, feito com feij\u00e3o preto cozido lentamente com costelinhas, temperos e outros ingredientes. \u00c9 nutritivo e pode ser acompanhado de arroz, farofa, salada e banana frita, proporcionando uma refei\u00e7\u00e3o saborosa e reconfortante.<\/strong><\/p>\n<p>O <strong>Feij\u00e3o Preto com Costelinha<\/strong> \u00e9 um prato tradicional e muito apreciado na culin\u00e1ria brasileira. Com uma combina\u00e7\u00e3o de sabores robustos e a riqueza do feij\u00e3o preto, essa receita \u00e9 ideal para aquecer os cora\u00e7\u00f5es e os est\u00f4magos da sua fam\u00edlia. Neste artigo, voc\u00ea encontrar\u00e1 a lista de ingredientes, o m\u00e9todo de preparo detalhado e algumas curiosidades sobre este prato que faz parte da nossa cultura.<\/p>\n<p><\/p>\n<h2>Ingredientes do Feij\u00e3o Preto com Costelinha<\/h2>\n<p><img src='https:\/\/mestredasreceitas.com\/ptbr\/wp-content\/uploads\/2025\/06\/ingredientes-do-feijao-preto-com-costelinha.jpg' alt='Ingredientes do Feij\u00e3o Preto com Costelinha' title='Ingredientes do Feij\u00e3o Preto com Costelinha' \/><\/p>\n<p>Para preparar o <strong>Feij\u00e3o Preto com Costelinha<\/strong>, voc\u00ea vai precisar dos seguintes ingredientes:<\/p>\n<ul>\n<li><strong>500g de feij\u00e3o preto<\/strong> (deixe de molho por pelo menos 8 horas)<\/li>\n<li><strong>500g de costelinha de porco<\/strong> (cortada em peda\u00e7os)<\/li>\n<li><strong>1 cebola m\u00e9dia<\/strong> (picada)<\/li>\n<li><strong>4 dentes de alho<\/strong> (picados)<\/li>\n<li><strong>2 folhas de louro<\/strong><\/li>\n<li><strong>1 colher de sopa de \u00f3leo<\/strong> ou banha de porco<\/li>\n<li><strong>Sal e pimenta-do-reino<\/strong> a gosto<\/li>\n<li><strong>Pimenta dedo-de-mo\u00e7a<\/strong> a gosto (opcional para dar um toque picante)<\/li>\n<li><strong>Cheiro-verde<\/strong> para finalizar (salsinha e cebolinha picadas)<\/li>\n<\/ul>\n<p>Esses ingredientes combinados v\u00e3o resultar em um prato cheio de sabor e tradi\u00e7\u00e3o, trazendo toda a ess\u00eancia da culin\u00e1ria brasileira para a sua mesa.<\/p>\n<h2>M\u00e9todo de Preparo do Feij\u00e3o Preto com Costelinha<\/h2>\n<p><img src='https:\/\/mestredasreceitas.com\/ptbr\/wp-content\/uploads\/2025\/06\/metodo-de-preparo-do-feijao-preto-com-costelinha.jpg' alt='M\u00e9todo de Preparo do Feij\u00e3o Preto com Costelinha' title='M\u00e9todo de Preparo do Feij\u00e3o Preto com Costelinha' \/><\/p>\n<p>O <strong>M\u00e9todo de Preparo do Feij\u00e3o Preto com Costelinha<\/strong> \u00e9 simples e garante um prato delicioso. Siga as etapas abaixo:<\/p>\n<ol>\n<li><strong>Preparar o feij\u00e3o:<\/strong> Ap\u00f3s deixar o feij\u00e3o de molho por 8 horas, escorra e reserve. Isso ajuda a melhorar a digest\u00e3o e a reduzir o tempo de cozimento.<\/li>\n<li><strong>Dourar as costelinhas:<\/strong> Em uma panela grande, aque\u00e7a o \u00f3leo ou a banha de porco em fogo m\u00e9dio. Adicione as costelinhas e frite at\u00e9 que estejam bem douradas, cerca de 10 minutos. Isso vai dar sabor ao prato.<\/li>\n<li><strong>Adicionar cebola e alho:<\/strong> Junte a cebola picada e o alho \u00e0 panela com as costelinhas. Refogue tudo junto por mais 5 minutos ou at\u00e9 que a cebola fique transparente e o alho liberem seu aroma.<\/li>\n<li><strong>Cozinhar o feij\u00e3o:<\/strong> Acrescente o feij\u00e3o escorrido, as folhas de louro e suficiente \u00e1gua para cobrir os ingredientes. Tempere com sal e pimenta-do-reino a gosto. Cozinhe em fogo baixo por aproximadamente 1 hora. Se necess\u00e1rio, adicione mais \u00e1gua durante o cozimento.<\/li>\n<li><strong>Finalizar o prato:<\/strong> Verifique se o feij\u00e3o e a costelinha est\u00e3o macios, desfa\u00e7a as folhas de louro e ajuste os temperos. Ao servir, polvilhe cheiro-verde por cima para um toque fresquinho.<\/li>\n<\/ol>\n<p>Seguindo esses passos, voc\u00ea ter\u00e1 um <strong>Feij\u00e3o Preto com Costelinha<\/strong> delicioso para compartilhar com a fam\u00edlia!<\/p>\n<h2>Curiosidades sobre o Feij\u00e3o Preto<\/h2>\n<p><img src='https:\/\/mestredasreceitas.com\/ptbr\/wp-content\/uploads\/2025\/06\/curiosidades-sobre-o-feijao-preto.jpg' alt='Curiosidades sobre o Feij\u00e3o Preto' title='Curiosidades sobre o Feij\u00e3o Preto' \/><\/p>\n<p>O <strong>Feij\u00e3o Preto<\/strong> \u00e9 um alimento muito importante na culin\u00e1ria brasileira, especialmente na regi\u00e3o Sudeste e no Centro-Oeste. Aqui est\u00e3o algumas <strong>curiosidades<\/strong> sobre ele:<\/p>\n<ul>\n<li><strong>Origem:<\/strong> O feij\u00e3o preto \u00e9 origin\u00e1rio da Am\u00e9rica do Sul e foi cultivado por povos ind\u00edgenas muito antes da chegada dos europeus.<\/li>\n<li><strong>Valor Nutricional:<\/strong> Rico em prote\u00ednas, fibras e antioxidantes, o feij\u00e3o preto \u00e9 um excelente alimento que contribui para uma dieta saud\u00e1vel.<\/li>\n<li><strong>Propriedades Medicinais:<\/strong> Ele \u00e9 conhecido por ajudar na manuten\u00e7\u00e3o da sa\u00fade do cora\u00e7\u00e3o, na redu\u00e7\u00e3o do colesterol e na regula\u00e7\u00e3o do a\u00e7\u00facar no sangue.<\/li>\n<li><strong>Uso Tradicional:<\/strong> \u00c9 um ingrediente essencial em pratos t\u00edpicos brasileiros, como a feijoada, que combina o feij\u00e3o com v\u00e1rias carnes e \u00e9 um s\u00edmbolo da gastronomia nacional.<\/li>\n<li><strong>Versatilidade:<\/strong> Pode ser usado em v\u00e1rias receitas, desde saladas at\u00e9 sopas, trazendo sabor e textura aos pratos.<\/li>\n<\/ul>\n<p>Com essas informa\u00e7\u00f5es, fica claro que o <strong>feij\u00e3o preto<\/strong> n\u00e3o \u00e9 apenas delicioso, mas tamb\u00e9m muito nutritivo!<\/p>\n<h2>Sugest\u00f5es de Acompanhamentos<\/h2>\n<p><img src='https:\/\/mestredasreceitas.com\/ptbr\/wp-content\/uploads\/2025\/06\/sugestoes-de-acompanhamentos-5.jpg' alt='Sugest\u00f5es de Acompanhamentos' title='Sugest\u00f5es de Acompanhamentos' \/><\/p>\n<p>Para acompanhar o <strong>Feij\u00e3o Preto com Costelinha<\/strong>, existem diversas op\u00e7\u00f5es deliciosas que podem complementar o prato. Veja algumas sugest\u00f5es que far\u00e3o sua refei\u00e7\u00e3o ainda mais saborosa:<\/p>\n<ul>\n<li><strong>Arroz Branco:<\/strong> Um cl\u00e1ssico que n\u00e3o pode faltar. O arroz branco combina perfeitamente com o feij\u00e3o, equilibrando os sabores e oferecendo uma base neutra.<\/li>\n<li><strong>Farofa:<\/strong> A farofa crocante, feita com farinha de mandioca e temperos, traz uma textura maravilhosa ao prato e \u00e9 um acompanhamento tradicional no Brasil.<\/li>\n<li><strong>Salada Verde:<\/strong> Uma salada leve com folhas verdes, tomates e cenouras ralada pode proporcionar frescor e equilibrar o prato mais pesado do feij\u00e3o e costelinha.<\/li>\n<li><strong>Banana Frita:<\/strong> A banana frita traz um toque doce e surpreendente, criando um contraste de sabores irresist\u00edvel com o feij\u00e3o e a carne.<\/li>\n<li><strong>Molho de Pimenta:<\/strong> Um bom molho de pimenta pode apimentar a refei\u00e7\u00e3o, adicionar mais sabor e deixar o prato mais interessante.<\/li>\n<\/ul>\n<p>Essas <strong>sugest\u00f5es de acompanhamentos<\/strong> v\u00e3o transformar seu <strong>Feij\u00e3o Preto com Costelinha<\/strong> em uma verdadeira festa de sabores na mesa!<\/p>\n<h2>Dicas para um Feij\u00e3o Preto com Costelinha Perfeito<\/h2>\n<p><img src='https:\/\/mestredasreceitas.com\/ptbr\/wp-content\/uploads\/2025\/06\/dicas-para-um-feijao-preto-com-costelinha-perfeito.jpg' alt='Dicas para um Feij\u00e3o Preto com Costelinha Perfeito' title='Dicas para um Feij\u00e3o Preto com Costelinha Perfeito' \/><\/p>\n<p>Para preparar um <strong>Feij\u00e3o Preto com Costelinha perfeito<\/strong>, algumas dicas podem fazer toda a diferen\u00e7a. Veja como garantir que seu prato fique delicioso e irresist\u00edvel:<\/p>\n<ul>\n<li><strong>Escolha dos Ingredientes:<\/strong> Opte por feij\u00e3o preto de boa qualidade e costelinhas frescas. Ingredientes frescos fazem toda a diferen\u00e7a no sabor final.<\/li>\n<li><strong>Preparo do Feij\u00e3o:<\/strong> Deixe o feij\u00e3o de molho por pelo menos 8 horas. Isso ajuda a reduzir o tempo de cozimento e melhora a digest\u00e3o.<\/li>\n<li><strong>Temperos:<\/strong> N\u00e3o economize nos temperos! Al\u00e9m de sal e pimenta-do-reino, experimente adicionar algumas ervas como cominho ou or\u00e9gano para um sabor extra.<\/li>\n<li><strong>Cozimento Lento:<\/strong> Cozinhar o feij\u00e3o em fogo baixo e por um longo per\u00edodo permite que os sabores se intensifiquem e que a costelinha fique bem macia.<\/li>\n<li><strong>Ajustes Finais:<\/strong> Prove e ajuste os temperos antes de servir. \u00c0s vezes, uma pitada de sal ou um toque de pimenta podem elevar o prato a um novo n\u00edvel.<\/li>\n<\/ul>\n<p>Seguindo essas dicas, seu <strong>Feij\u00e3o Preto com Costelinha<\/strong> certamente ser\u00e1 um sucesso na mesa da sua fam\u00edlia!<\/p>\n<h2>Obrigado por acompanhar nossa receita!<\/h2>\n<p>Esperamos que voc\u00ea tenha gostado de aprender a fazer um delicioso <strong>Feij\u00e3o Preto com Costelinha<\/strong>. Agora \u00e9 hora de colocar a m\u00e3o na massa e surpreender a sua fam\u00edlia!<\/p>\n<p>Se voc\u00ea apreciou nossa receita, n\u00e3o se esque\u00e7a de seguir o <a href=\"https:\/\/mestredasreceitas.com\/ptbr\/\">Blog de Culin\u00e1ria Mestre das Receitas<\/a> para mais dicas e receitas deliciosas. Fique por dentro das novidades e descubra como fazer pratos incr\u00edveis!<\/p>\n<p>Vamos juntos explorar o mundo da culin\u00e1ria? Siga-nos nas redes sociais e fa\u00e7a parte da nossa comunidade apaixonada por receitas. Obrigado pela sua visita e at\u00e9 a pr\u00f3xima!<\/p>\n<h2>FAQ &#8211; Perguntas frequentes sobre Feij\u00e3o Preto com Costelinha<\/h2>\n<h3>Qual a melhor forma de cozinhar o feij\u00e3o preto?<\/h3>\n<p>O feij\u00e3o preto deve ser deixado de molho por pelo menos 8 horas antes de cozinhar. Isso ajuda a reduzir o tempo de cozimento e melhora a digest\u00e3o.<\/p>\n<h3>Posso usar outra carne al\u00e9m da costelinha?<\/h3>\n<p>Sim! Voc\u00ea pode substituir a costelinha por carne de charque, lingui\u00e7a ou at\u00e9 carnes de frango, dependendo do seu gosto.<\/p>\n<h3>O que posso adicionar ao feij\u00e3o para dar mais sabor?<\/h3>\n<p>Al\u00e9m do sal e pimenta, voc\u00ea pode adicionar temperos como cominho, louro ou ervas frescas para real\u00e7ar ainda mais o sabor.<\/p>\n<h3>Quais s\u00e3o os melhores acompanhamentos para o feij\u00e3o preto?<\/h3>\n<p>Arroz branco, farofa, salada verde e banana frita s\u00e3o \u00f3timos acompanhamentos que combinam perfeitamente com o feij\u00e3o preto com costelinha.<\/p>\n<h3>Como posso ajustar o tempero do feij\u00e3o?<\/h3>\n<p>Sempre prove o feij\u00e3o antes de servir e ajuste o sal e a pimenta conforme necess\u00e1rio. Uma pitada de pimenta-de-cheiro tamb\u00e9m pode aumentar o sabor.<\/p>\n<h3>O feij\u00e3o preto \u00e9 saud\u00e1vel?<\/h3>\n<p>Sim! O feij\u00e3o preto \u00e9 uma excelente fonte de prote\u00ednas, fibras e antioxidantes, contribuindo para uma alimenta\u00e7\u00e3o balanceada.<\/p>\n","protected":false},"excerpt":{"rendered":"<p>Feij\u00e3o Preto com Costelinha \u00e9 uma combina\u00e7\u00e3o perfeita e saborosa que vai encantar sua fam\u00edlia em qualquer refei\u00e7\u00e3o.<\/p>\n","protected":false},"author":10,"featured_media":59209,"comment_status":"closed","ping_status":"closed","sticky":false,"template":"","format":"standard","meta":{"ocean_post_layout":"","ocean_both_sidebars_style":"","ocean_both_sidebars_content_width":0,"ocean_both_sidebars_sidebars_width":0,"ocean_sidebar":"","ocean_second_sidebar":"","ocean_disable_margins":"enable","ocean_add_body_class":"","ocean_shortcode_before_top_bar":"","ocean_shortcode_after_top_bar":"","ocean_shortcode_before_header":"","ocean_shortcode_after_header":"","ocean_has_shortcode":"","ocean_shortcode_after_title":"","ocean_shortcode_before_footer_widgets":"","ocean_shortcode_after_footer_widgets":"","ocean_shortcode_before_footer_bottom":"","ocean_shortcode_after_footer_bottom":"","ocean_display_top_bar":"default","ocean_display_header":"default","ocean_header_style":"","ocean_center_header_left_menu":"","ocean_custom_header_template":"","ocean_custom_logo":0,"ocean_custom_retina_logo":0,"ocean_custom_logo_max_width":0,"ocean_custom_logo_tablet_max_width":0,"ocean_custom_logo_mobile_max_width":0,"ocean_custom_logo_max_height":0,"ocean_custom_logo_tablet_max_height":0,"ocean_custom_logo_mobile_max_height":0,"ocean_header_custom_menu":"","ocean_menu_typo_font_family":"","ocean_menu_typo_font_subset":"","ocean_menu_typo_font_size":0,"ocean_menu_typo_font_size_tablet":0,"ocean_menu_typo_font_size_mobile":0,"ocean_menu_typo_font_size_unit":"px","ocean_menu_typo_font_weight":"","ocean_menu_typo_font_weight_tablet":"","ocean_menu_typo_font_weight_mobile":"","ocean_menu_typo_transform":"","ocean_menu_typo_transform_tablet":"","ocean_menu_typo_transform_mobile":"","ocean_menu_typo_line_height":0,"ocean_menu_typo_line_height_tablet":0,"ocean_menu_typo_line_height_mobile":0,"ocean_menu_typo_line_height_unit":"","ocean_menu_typo_spacing":0,"ocean_menu_typo_spacing_tablet":0,"ocean_menu_typo_spacing_mobile":0,"ocean_menu_typo_spacing_unit":"","ocean_menu_link_color":"","ocean_menu_link_color_hover":"","ocean_menu_link_color_active":"","ocean_menu_link_background":"","ocean_menu_link_hover_background":"","ocean_menu_link_active_background":"","ocean_menu_social_links_bg":"","ocean_menu_social_hover_links_bg":"","ocean_menu_social_links_color":"","ocean_menu_social_hover_links_color":"","ocean_disable_title":"default","ocean_disable_heading":"default","ocean_post_title":"","ocean_post_subheading":"","ocean_post_title_style":"","ocean_post_title_background_color":"","ocean_post_title_background":0,"ocean_post_title_bg_image_position":"","ocean_post_title_bg_image_attachment":"","ocean_post_title_bg_image_repeat":"","ocean_post_title_bg_image_size":"","ocean_post_title_height":0,"ocean_post_title_bg_overlay":0.5,"ocean_post_title_bg_overlay_color":"","ocean_disable_breadcrumbs":"default","ocean_breadcrumbs_color":"","ocean_breadcrumbs_separator_color":"","ocean_breadcrumbs_links_color":"","ocean_breadcrumbs_links_hover_color":"","ocean_display_footer_widgets":"default","ocean_display_footer_bottom":"default","ocean_custom_footer_template":"","ocean_post_oembed":"","ocean_post_self_hosted_media":"","ocean_post_video_embed":"","ocean_link_format":"","ocean_link_format_target":"self","ocean_quote_format":"","ocean_quote_format_link":"post","ocean_gallery_link_images":"on","ocean_gallery_id":[],"footnotes":"","_links_to":"","_links_to_target":""},"categories":[951],"tags":[],"class_list":["post-43970","post","type-post","status-publish","format-standard","has-post-thumbnail","hentry","category-culinaria-paulista","entry","has-media"],"_links":{"self":[{"href":"https:\/\/mestredasreceitas.com\/ptbr\/wp-json\/wp\/v2\/posts\/43970","targetHints":{"allow":["GET"]}}],"collection":[{"href":"https:\/\/mestredasreceitas.com\/ptbr\/wp-json\/wp\/v2\/posts"}],"about":[{"href":"https:\/\/mestredasreceitas.com\/ptbr\/wp-json\/wp\/v2\/types\/post"}],"author":[{"embeddable":true,"href":"https:\/\/mestredasreceitas.com\/ptbr\/wp-json\/wp\/v2\/users\/10"}],"replies":[{"embeddable":true,"href":"https:\/\/mestredasreceitas.com\/ptbr\/wp-json\/wp\/v2\/comments?post=43970"}],"version-history":[{"count":0,"href":"https:\/\/mestredasreceitas.com\/ptbr\/wp-json\/wp\/v2\/posts\/43970\/revisions"}],"wp:featuredmedia":[{"embeddable":true,"href":"https:\/\/mestredasreceitas.com\/ptbr\/wp-json\/wp\/v2\/media\/59209"}],"wp:attachment":[{"href":"https:\/\/mestredasreceitas.com\/ptbr\/wp-json\/wp\/v2\/media?parent=43970"}],"wp:term":[{"taxonomy":"category","embeddable":true,"href":"https:\/\/mestredasreceitas.com\/ptbr\/wp-json\/wp\/v2\/categories?post=43970"},{"taxonomy":"post_tag","embeddable":true,"href":"https:\/\/mestredasreceitas.com\/ptbr\/wp-json\/wp\/v2\/tags?post=43970"}],"curies":[{"name":"wp","href":"https:\/\/api.w.org\/{rel}","templated":true}]}}